{"id":15160,"date":"2024-03-12T10:36:21","date_gmt":"2024-03-12T09:36:21","guid":{"rendered":"https:\/\/de-park.com\/dimensioni-del-parcheggio\/"},"modified":"2024-04-24T12:31:05","modified_gmt":"2024-04-24T11:31:05","slug":"dimensioni-del-parcheggio","status":"publish","type":"post","link":"https:\/\/de-park.com\/it\/dimensioni-del-parcheggio\/","title":{"rendered":"Dimensioni del parcheggio"},"content":{"rendered":"<div id=\"ez-toc-container\" class=\"ez-toc-v2_0_82_2 counter-hierarchy ez-toc-counter ez-toc-grey ez-toc-container-direction\">\n<p class=\"ez-toc-title\" style=\"cursor:inherit\">Inhaltsverzeichnis<\/p>\n<label for=\"ez-toc-cssicon-toggle-item-69f3a00e508f5\" class=\"ez-toc-cssicon-toggle-label\"><span class=\"\"><span class=\"eztoc-hide\" style=\"display:none;\">Toggle<\/span><span class=\"ez-toc-icon-toggle-span\"><svg style=\"fill: #999;color:#999\" xmlns=\"http:\/\/www.w3.org\/2000\/svg\" class=\"list-377408\" width=\"20px\" height=\"20px\" viewBox=\"0 0 24 24\" fill=\"none\"><path d=\"M6 6H4v2h2V6zm14 0H8v2h12V6zM4 11h2v2H4v-2zm16 0H8v2h12v-2zM4 16h2v2H4v-2zm16 0H8v2h12v-2z\" fill=\"currentColor\"><\/path><\/svg><svg style=\"fill: #999;color:#999\" class=\"arrow-unsorted-368013\" xmlns=\"http:\/\/www.w3.org\/2000\/svg\" width=\"10px\" height=\"10px\" viewBox=\"0 0 24 24\" version=\"1.2\" baseProfile=\"tiny\"><path d=\"M18.2 9.3l-6.2-6.3-6.2 6.3c-.2.2-.3.4-.3.7s.1.5.3.7c.2.2.4.3.7.3h11c.3 0 .5-.1.7-.3.2-.2.3-.5.3-.7s-.1-.5-.3-.7zM5.8 14.7l6.2 6.3 6.2-6.3c.2-.2.3-.5.3-.7s-.1-.5-.3-.7c-.2-.2-.4-.3-.7-.3h-11c-.3 0-.5.1-.7.3-.2.2-.3.5-.3.7s.1.5.3.7z\"\/><\/svg><\/span><\/span><\/label><input type=\"checkbox\"  id=\"ez-toc-cssicon-toggle-item-69f3a00e508f5\"  aria-label=\"Toggle\" \/><nav><ul class='ez-toc-list ez-toc-list-level-1 ' ><li class='ez-toc-page-1 ez-toc-heading-level-2'><a class=\"ez-toc-link ez-toc-heading-1\" href=\"https:\/\/de-park.com\/it\/dimensioni-del-parcheggio\/#Sempre_piu_veicoli_e_pochi_posti_auto\" >Sempre pi\u00f9 veicoli e pochi posti auto<\/a><\/li><li class='ez-toc-page-1 ez-toc-heading-level-2'><a class=\"ez-toc-link ez-toc-heading-2\" href=\"https:\/\/de-park.com\/it\/dimensioni-del-parcheggio\/#Limportanza_della_segnaletica_dei_parcheggi\" >L&#8217;importanza della segnaletica dei parcheggi<\/a><\/li><li class='ez-toc-page-1 ez-toc-heading-level-2'><a class=\"ez-toc-link ez-toc-heading-3\" href=\"https:\/\/de-park.com\/it\/dimensioni-del-parcheggio\/#Creare_un_parcheggio_quanto_deve_essere_grande_il_parcheggio\" >Creare un parcheggio: quanto deve essere grande il parcheggio?<\/a><\/li><li class='ez-toc-page-1 ez-toc-heading-level-2'><a class=\"ez-toc-link ez-toc-heading-4\" href=\"https:\/\/de-park.com\/it\/dimensioni-del-parcheggio\/#Quanto_deve_essere_grande_un_posto_auto_in_un_parcheggio_sotterraneo\" >Quanto deve essere grande un posto auto in un parcheggio sotterraneo?<\/a><\/li><li class='ez-toc-page-1 ez-toc-heading-level-2'><a class=\"ez-toc-link ez-toc-heading-5\" href=\"https:\/\/de-park.com\/it\/dimensioni-del-parcheggio\/#Le_precedenti_dimensioni_del_parcheggio_sono_superate\" >Le precedenti dimensioni del parcheggio sono superate?<\/a><\/li><\/ul><\/nav><\/div>\n\n<p>Siete alle prese con le misure e la segnaletica dei parcheggi? Allora siete arrivati nel posto giusto, perch\u00e9 <a href=\"https:\/\/de-park.com\/de\/\">\n  <em>\n    <strong>DE-PARK<\/strong>\n  <\/em>\n<\/a> vi dir\u00e0 a cosa fare attenzione.<\/p>\n\n<h2 class=\"wp-block-heading\"><span class=\"ez-toc-section\" id=\"Sempre_piu_veicoli_e_pochi_posti_auto\"><\/span><strong>Sempre pi\u00f9 veicoli e pochi posti auto  <\/strong><span class=\"ez-toc-section-end\"><\/span><\/h2>\n\n<p>Sospettate che ci siano sempre pi\u00f9 auto sulle strade? Avete assolutamente ragione, perch\u00e9 ogni anno vengono aggiunte diverse centinaia di migliaia di veicoli. Il numero di veicoli in questo Paese raggiunge ogni anno un nuovo record.  <\/p>\n\n<p>L&#8217;auto \u00e8 la figlia preferita dei tedeschi, ma ora c&#8217;\u00e8 un problema: non ci sono abbastanza posti auto! Soprattutto i privati e le aziende hanno quindi difficolt\u00e0 a mettere a disposizione dei propri dipendenti e visitatori un numero sufficiente di parcheggi. DE-PARK vi dice di seguito ci\u00f2 che \u00e8 importante.<\/p>\n\n<figure class=\"wp-block-image size-large\"><img decoding=\"async\" src=\"https:\/\/de-park.com\/wp-content\/uploads\/2021\/07\/Parkplatz-Ma&#xDF;e-Parkpl&#xE4;tze.jpg\" alt=\"Parcheggio Dimensioni Posti auto\" class=\"wp-image-3872\"\/><figcaption>  <em> Esempio di immagine: dimensioni del parcheggio<\/em> <\/figcaption><\/figure>\n\n<h2 class=\"wp-block-heading\"><span class=\"ez-toc-section\" id=\"Limportanza_della_segnaletica_dei_parcheggi\"><\/span><strong>L&#8217;importanza della segnaletica dei parcheggi  <\/strong><span class=\"ez-toc-section-end\"><\/span><\/h2>\n\n<p>La segnaletica del parcheggio deve essere presente in modo che l&#8217;area designata sia utilizzata in modo razionale con le dimensioni corrette del parcheggio e che non si crei confusione durante il parcheggio. Se non c&#8217;\u00e8 la segnaletica per i parcheggi, non solo l&#8217;aspetto \u00e8 disordinato, ma c&#8217;\u00e8 anche molto meno spazio per i veicoli. In un parcheggio adeguatamente segnalato e con le giuste dimensioni, si riducono anche gli sfoghi emotivi dei conducenti.<\/p>\n\n<p>Ma non tutti i contrassegni dei parcheggi sono uguali. \u00c8 importante tenere conto di una serie di criteri importanti, come la buona visibilit\u00e0, l&#8217;uniformit\u00e0, la resistenza agli agenti atmosferici, le dimensioni adeguate del parcheggio e il colore giusto.<\/p>\n\n<h2 class=\"wp-block-heading\"><span class=\"ez-toc-section\" id=\"Creare_un_parcheggio_quanto_deve_essere_grande_il_parcheggio\"><\/span><strong>Creare un parcheggio: quanto deve essere grande il parcheggio?  <\/strong><span class=\"ez-toc-section-end\"><\/span><\/h2>\n\n<p>Prima di creare il vostro parcheggio, dovete considerare una serie di aspetti. \u00c8 possibile scegliere tra diverse varianti di posto auto e si deve decidere tra posti auto paralleli, sfalsati in diagonale o a spina di pesce. Ma la domanda pi\u00f9 importante \u00e8: quanto dovrebbe o deve essere grande un parcheggio?  <\/p>\n\n<p>Non esiste una risposta univoca a questa domanda, poich\u00e9 questo punto \u00e8 regolamentato in modo diverso nelle varie citt\u00e0\/regioni. DE-PARK consiglia pertanto di informarsi sulle eventuali disposizioni in materia di parcheggi. Per quanto riguarda le dimensioni dei parcheggi, pi\u00f9 sono grandi meglio \u00e8. I nostri specialisti consigliano di trovare la media aurea tra comfort e dimensioni, poich\u00e9 non esiste uno standard a livello federale. Tuttavia, esistono raccomandazioni per le strutture di traffico stazionarie. Di conseguenza, \u00e8 prevista una larghezza compresa tra 2,30 m e 3,50 m per i posti auto per disabili e una larghezza di 2,50 m per i posti auto standard.<\/p>\n\n<figure class=\"wp-block-image size-large\"><img decoding=\"async\" src=\"https:\/\/de-park.com\/wp-content\/uploads\/2021\/07\/Parkplatz-Ma&#xDF;e.jpg\" alt=\"Parcheggio Dimensioni Parcheggio sotterraneo\" class=\"wp-image-3869\"\/><figcaption> <em>Esempio di immagine: <\/em>Dimensioni del parcheggio sotterraneo<\/figcaption><\/figure>\n\n<h2 class=\"wp-block-heading\"><span class=\"ez-toc-section\" id=\"Quanto_deve_essere_grande_un_posto_auto_in_un_parcheggio_sotterraneo\"><\/span><strong>Quanto deve essere grande un posto auto in un parcheggio sotterraneo?<\/strong><span class=\"ez-toc-section-end\"><\/span><\/h2>\n\n<p>Quando si tratta di parcheggi sotterranei, \u00e8 necessario rispettare determinate dimensioni in fase di progettazione. La lunghezza deve essere di almeno 5 metri, mentre la larghezza pu\u00f2 variare. Ci\u00f2 dipende dal fatto che la limitazione dei lati lunghi \u00e8 costituita da pareti, supporti o altri componenti.<\/p>\n\n<p>Un posto auto deve quindi essere largo almeno 2,5 metri se i lati lunghi sono limitati su entrambi i lati. Una larghezza di 2,4 m \u00e8 sufficiente per una delimitazione su un solo lato. Se un parcheggio \u00e8 aperto su entrambi i lati, \u00e8 sufficiente una larghezza di 2,3 metri. La larghezza dei parcheggi per disabili deve essere di almeno 3,5 metri.<\/p>\n\n<h2 class=\"wp-block-heading\"><span class=\"ez-toc-section\" id=\"Le_precedenti_dimensioni_del_parcheggio_sono_superate\"><\/span><strong>Le precedenti dimensioni del parcheggio sono superate?<\/strong><span class=\"ez-toc-section-end\"><\/span><\/h2>\n\n<p>Gli esperti raccomandano che i parcheggi siano pi\u00f9 ampi. Probabilmente conoscete la situazione: il parcheggio sembra troppo piccolo per la vostra auto. Nel corso dello sviluppo delle automobili, tutti probabilmente conoscono questa sensazione. Soprattutto se c&#8217;\u00e8 un solo posto auto libero e c&#8217;\u00e8 una macchina su entrambi i lati. Capita spesso che, anche quando si parcheggia in modo perfetto, solo pochi centimetri separino l&#8217;auto dal suo vicino. Quando si scende, la portiera si apre solo un po&#8217; e si rischia di danneggiare la propria auto e quella dell&#8217;altra persona. Scendere dall&#8217;auto, ma anche parcheggiare, diventa un problema.<\/p>\n\n<p>Questo problema \u00e8 sorto nel corso dei decenni, con la modifica della larghezza dei veicoli. Tuttavia, le dimensioni del parcheggio risalgono ancora agli anni &#8217;70, quando le auto erano molto pi\u00f9 strette di oggi. Oltre alle dimensioni dell&#8217;auto, ci sono le dimensioni degli specchietti retrovisori esterni. Gli specialisti DE-PARK consigliano pertanto di informarsi nella regione interessata e di optare per le dimensioni moderne del parcheggio.<\/p>\n","protected":false},"excerpt":{"rendered":"<p>Siete alle prese con le misure e la segnaletica dei parcheggi? Allora siete arrivati nel posto giusto, perch\u00e9 DE-PARK vi dir\u00e0 a cosa fare attenzione. Sempre pi\u00f9 veicoli e pochi posti auto Sospettate che ci siano sempre pi\u00f9 auto sulle strade? Avete assolutamente ragione, perch\u00e9 ogni anno vengono aggiunte diverse centinaia di migliaia di veicoli. &hellip; <\/p>\n<p class=\"link-more\"><a href=\"https:\/\/de-park.com\/it\/dimensioni-del-parcheggio\/\" class=\"more-link\">Leggi tutto<span class=\"screen-reader-text\"> &#8220;Dimensioni del parcheggio&#8221;<\/span><\/a><\/p>\n","protected":false},"author":2,"featured_media":0,"comment_status":"closed","ping_status":"open","sticky":false,"template":"","format":"standard","meta":{"footnotes":""},"categories":[244],"tags":[],"class_list":["post-15160","post","type-post","status-publish","format-standard","hentry","category-indice-delle-parole-d"],"yoast_head":"<!-- This site is optimized with the Yoast SEO plugin v25.6 - https:\/\/yoast.com\/wordpress\/plugins\/seo\/ -->\n<title>Dimensioni del parcheggio: quanto largo, quanto grande, quanto \ud83d\ude98 DE-PARK<\/title>\n<meta name=\"description\" content=\"Per saperne di pi\u00f9 sulle dimensioni dei parcheggi, cliccate qui. Quanto deve essere grande un posto auto e quali sono le dimensioni abituali \u2705\" \/>\n<meta name=\"robots\" content=\"index, follow, max-snippet:-1, max-image-preview:large, max-video-preview:-1\" \/>\n<link rel=\"canonical\" href=\"https:\/\/de-park.com\/it\/dimensioni-del-parcheggio\/\" \/>\n<meta property=\"og:locale\" content=\"it_IT\" \/>\n<meta property=\"og:type\" content=\"article\" \/>\n<meta property=\"og:title\" content=\"Dimensioni del parcheggio: quanto largo, quanto grande, quanto \ud83d\ude98 DE-PARK\" \/>\n<meta property=\"og:description\" content=\"Per saperne di pi\u00f9 sulle dimensioni dei parcheggi, cliccate qui. Quanto deve essere grande un posto auto e quali sono le dimensioni abituali \u2705\" \/>\n<meta property=\"og:url\" content=\"https:\/\/de-park.com\/it\/dimensioni-del-parcheggio\/\" \/>\n<meta property=\"og:site_name\" content=\"DE-PARK\" \/>\n<meta property=\"article:published_time\" content=\"2024-03-12T09:36:21+00:00\" \/>\n<meta property=\"article:modified_time\" content=\"2024-04-24T11:31:05+00:00\" \/>\n<meta property=\"og:image\" content=\"https:\/\/de-park.com\/wp-content\/uploads\/2021\/07\/Parkplatz-Ma&#xDF;e-Parkpl&#xE4;tze.jpg\" \/>\n<meta name=\"author\" content=\"DE-Park\" \/>\n<meta name=\"twitter:card\" content=\"summary_large_image\" \/>\n<script type=\"application\/ld+json\" class=\"yoast-schema-graph\">{\"@context\":\"https:\/\/schema.org\",\"@graph\":[{\"@type\":\"Article\",\"@id\":\"https:\/\/de-park.com\/it\/dimensioni-del-parcheggio\/#article\",\"isPartOf\":{\"@id\":\"https:\/\/de-park.com\/it\/dimensioni-del-parcheggio\/\"},\"author\":{\"name\":\"DE-Park\",\"@id\":\"https:\/\/de-park.com\/#\/schema\/person\/280efc4dbc997f5ae367016b31fb113a\"},\"headline\":\"Dimensioni del parcheggio\",\"datePublished\":\"2024-03-12T09:36:21+00:00\",\"dateModified\":\"2024-04-24T11:31:05+00:00\",\"mainEntityOfPage\":{\"@id\":\"https:\/\/de-park.com\/it\/dimensioni-del-parcheggio\/\"},\"wordCount\":686,\"publisher\":{\"@id\":\"https:\/\/de-park.com\/#organization\"},\"image\":{\"@id\":\"https:\/\/de-park.com\/it\/dimensioni-del-parcheggio\/#primaryimage\"},\"thumbnailUrl\":\"https:\/\/de-park.com\/wp-content\/uploads\/2021\/07\/Parkplatz-Ma&#xDF;e-Parkpl&#xE4;tze.jpg\",\"articleSection\":[\"Indice delle parole: D\"],\"inLanguage\":\"it-IT\"},{\"@type\":\"WebPage\",\"@id\":\"https:\/\/de-park.com\/it\/dimensioni-del-parcheggio\/\",\"url\":\"https:\/\/de-park.com\/it\/dimensioni-del-parcheggio\/\",\"name\":\"Dimensioni del parcheggio: quanto largo, quanto grande, quanto \ud83d\ude98 DE-PARK\",\"isPartOf\":{\"@id\":\"https:\/\/de-park.com\/#website\"},\"primaryImageOfPage\":{\"@id\":\"https:\/\/de-park.com\/it\/dimensioni-del-parcheggio\/#primaryimage\"},\"image\":{\"@id\":\"https:\/\/de-park.com\/it\/dimensioni-del-parcheggio\/#primaryimage\"},\"thumbnailUrl\":\"https:\/\/de-park.com\/wp-content\/uploads\/2021\/07\/Parkplatz-Ma&#xDF;e-Parkpl&#xE4;tze.jpg\",\"datePublished\":\"2024-03-12T09:36:21+00:00\",\"dateModified\":\"2024-04-24T11:31:05+00:00\",\"description\":\"Per saperne di pi\u00f9 sulle dimensioni dei parcheggi, cliccate qui. Quanto deve essere grande un posto auto e quali sono le dimensioni abituali \u2705\",\"breadcrumb\":{\"@id\":\"https:\/\/de-park.com\/it\/dimensioni-del-parcheggio\/#breadcrumb\"},\"inLanguage\":\"it-IT\",\"potentialAction\":[{\"@type\":\"ReadAction\",\"target\":[\"https:\/\/de-park.com\/it\/dimensioni-del-parcheggio\/\"]}]},{\"@type\":\"ImageObject\",\"inLanguage\":\"it-IT\",\"@id\":\"https:\/\/de-park.com\/it\/dimensioni-del-parcheggio\/#primaryimage\",\"url\":\"https:\/\/de-park.com\/wp-content\/uploads\/2021\/07\/Parkplatz-Ma&#xDF;e-Parkpl&#xE4;tze.jpg\",\"contentUrl\":\"https:\/\/de-park.com\/wp-content\/uploads\/2021\/07\/Parkplatz-Ma&#xDF;e-Parkpl&#xE4;tze.jpg\"},{\"@type\":\"BreadcrumbList\",\"@id\":\"https:\/\/de-park.com\/it\/dimensioni-del-parcheggio\/#breadcrumb\",\"itemListElement\":[{\"@type\":\"ListItem\",\"position\":1,\"name\":\"Home\",\"item\":\"https:\/\/de-park.com\/it\/\"},{\"@type\":\"ListItem\",\"position\":2,\"name\":\"Dimensioni del parcheggio\"}]},{\"@type\":\"WebSite\",\"@id\":\"https:\/\/de-park.com\/#website\",\"url\":\"https:\/\/de-park.com\/\",\"name\":\"DE-PARK\",\"description\":\"FASZINIEREND. EINFACH. PARKEN.\",\"publisher\":{\"@id\":\"https:\/\/de-park.com\/#organization\"},\"potentialAction\":[{\"@type\":\"SearchAction\",\"target\":{\"@type\":\"EntryPoint\",\"urlTemplate\":\"https:\/\/de-park.com\/?s={search_term_string}\"},\"query-input\":{\"@type\":\"PropertyValueSpecification\",\"valueRequired\":true,\"valueName\":\"search_term_string\"}}],\"inLanguage\":\"it-IT\"},{\"@type\":\"Organization\",\"@id\":\"https:\/\/de-park.com\/#organization\",\"name\":\"DE PARK\",\"url\":\"https:\/\/de-park.com\/\",\"logo\":{\"@type\":\"ImageObject\",\"inLanguage\":\"it-IT\",\"@id\":\"https:\/\/de-park.com\/#\/schema\/logo\/image\/\",\"url\":\"https:\/\/de-park.com\/wp-content\/uploads\/2021\/08\/DE-PARK_Logo_V2020_ohne-Slogan.png\",\"contentUrl\":\"https:\/\/de-park.com\/wp-content\/uploads\/2021\/08\/DE-PARK_Logo_V2020_ohne-Slogan.png\",\"width\":1311,\"height\":663,\"caption\":\"DE PARK\"},\"image\":{\"@id\":\"https:\/\/de-park.com\/#\/schema\/logo\/image\/\"}},{\"@type\":\"Person\",\"@id\":\"https:\/\/de-park.com\/#\/schema\/person\/280efc4dbc997f5ae367016b31fb113a\",\"name\":\"DE-Park\",\"image\":{\"@type\":\"ImageObject\",\"inLanguage\":\"it-IT\",\"@id\":\"https:\/\/de-park.com\/#\/schema\/person\/image\/\",\"url\":\"https:\/\/secure.gravatar.com\/avatar\/b2f6f34a9b039ee27779757ee6be39ca?s=96&d=mm&r=g\",\"contentUrl\":\"https:\/\/secure.gravatar.com\/avatar\/b2f6f34a9b039ee27779757ee6be39ca?s=96&d=mm&r=g\",\"caption\":\"DE-Park\"},\"url\":\"https:\/\/de-park.com\/it\/author\/solutionmarketing\/\"}]}<\/script>\n<!-- \/ Yoast SEO plugin. -->","yoast_head_json":{"title":"Dimensioni del parcheggio: quanto largo, quanto grande, quanto \ud83d\ude98 DE-PARK","description":"Per saperne di pi\u00f9 sulle dimensioni dei parcheggi, cliccate qui. Quanto deve essere grande un posto auto e quali sono le dimensioni abituali \u2705","robots":{"index":"index","follow":"follow","max-snippet":"max-snippet:-1","max-image-preview":"max-image-preview:large","max-video-preview":"max-video-preview:-1"},"canonical":"https:\/\/de-park.com\/it\/dimensioni-del-parcheggio\/","og_locale":"it_IT","og_type":"article","og_title":"Dimensioni del parcheggio: quanto largo, quanto grande, quanto \ud83d\ude98 DE-PARK","og_description":"Per saperne di pi\u00f9 sulle dimensioni dei parcheggi, cliccate qui. Quanto deve essere grande un posto auto e quali sono le dimensioni abituali \u2705","og_url":"https:\/\/de-park.com\/it\/dimensioni-del-parcheggio\/","og_site_name":"DE-PARK","article_published_time":"2024-03-12T09:36:21+00:00","article_modified_time":"2024-04-24T11:31:05+00:00","og_image":[{"url":"https:\/\/de-park.com\/wp-content\/uploads\/2021\/07\/Parkplatz-Ma&#xDF;e-Parkpl&#xE4;tze.jpg","type":"","width":"","height":""}],"author":"DE-Park","twitter_card":"summary_large_image","schema":{"@context":"https:\/\/schema.org","@graph":[{"@type":"Article","@id":"https:\/\/de-park.com\/it\/dimensioni-del-parcheggio\/#article","isPartOf":{"@id":"https:\/\/de-park.com\/it\/dimensioni-del-parcheggio\/"},"author":{"name":"DE-Park","@id":"https:\/\/de-park.com\/#\/schema\/person\/280efc4dbc997f5ae367016b31fb113a"},"headline":"Dimensioni del parcheggio","datePublished":"2024-03-12T09:36:21+00:00","dateModified":"2024-04-24T11:31:05+00:00","mainEntityOfPage":{"@id":"https:\/\/de-park.com\/it\/dimensioni-del-parcheggio\/"},"wordCount":686,"publisher":{"@id":"https:\/\/de-park.com\/#organization"},"image":{"@id":"https:\/\/de-park.com\/it\/dimensioni-del-parcheggio\/#primaryimage"},"thumbnailUrl":"https:\/\/de-park.com\/wp-content\/uploads\/2021\/07\/Parkplatz-Ma&#xDF;e-Parkpl&#xE4;tze.jpg","articleSection":["Indice delle parole: D"],"inLanguage":"it-IT"},{"@type":"WebPage","@id":"https:\/\/de-park.com\/it\/dimensioni-del-parcheggio\/","url":"https:\/\/de-park.com\/it\/dimensioni-del-parcheggio\/","name":"Dimensioni del parcheggio: quanto largo, quanto grande, quanto \ud83d\ude98 DE-PARK","isPartOf":{"@id":"https:\/\/de-park.com\/#website"},"primaryImageOfPage":{"@id":"https:\/\/de-park.com\/it\/dimensioni-del-parcheggio\/#primaryimage"},"image":{"@id":"https:\/\/de-park.com\/it\/dimensioni-del-parcheggio\/#primaryimage"},"thumbnailUrl":"https:\/\/de-park.com\/wp-content\/uploads\/2021\/07\/Parkplatz-Ma&#xDF;e-Parkpl&#xE4;tze.jpg","datePublished":"2024-03-12T09:36:21+00:00","dateModified":"2024-04-24T11:31:05+00:00","description":"Per saperne di pi\u00f9 sulle dimensioni dei parcheggi, cliccate qui. Quanto deve essere grande un posto auto e quali sono le dimensioni abituali \u2705","breadcrumb":{"@id":"https:\/\/de-park.com\/it\/dimensioni-del-parcheggio\/#breadcrumb"},"inLanguage":"it-IT","potentialAction":[{"@type":"ReadAction","target":["https:\/\/de-park.com\/it\/dimensioni-del-parcheggio\/"]}]},{"@type":"ImageObject","inLanguage":"it-IT","@id":"https:\/\/de-park.com\/it\/dimensioni-del-parcheggio\/#primaryimage","url":"https:\/\/de-park.com\/wp-content\/uploads\/2021\/07\/Parkplatz-Ma&#xDF;e-Parkpl&#xE4;tze.jpg","contentUrl":"https:\/\/de-park.com\/wp-content\/uploads\/2021\/07\/Parkplatz-Ma&#xDF;e-Parkpl&#xE4;tze.jpg"},{"@type":"BreadcrumbList","@id":"https:\/\/de-park.com\/it\/dimensioni-del-parcheggio\/#breadcrumb","itemListElement":[{"@type":"ListItem","position":1,"name":"Home","item":"https:\/\/de-park.com\/it\/"},{"@type":"ListItem","position":2,"name":"Dimensioni del parcheggio"}]},{"@type":"WebSite","@id":"https:\/\/de-park.com\/#website","url":"https:\/\/de-park.com\/","name":"DE-PARK","description":"FASZINIEREND. EINFACH. PARKEN.","publisher":{"@id":"https:\/\/de-park.com\/#organization"},"potentialAction":[{"@type":"SearchAction","target":{"@type":"EntryPoint","urlTemplate":"https:\/\/de-park.com\/?s={search_term_string}"},"query-input":{"@type":"PropertyValueSpecification","valueRequired":true,"valueName":"search_term_string"}}],"inLanguage":"it-IT"},{"@type":"Organization","@id":"https:\/\/de-park.com\/#organization","name":"DE PARK","url":"https:\/\/de-park.com\/","logo":{"@type":"ImageObject","inLanguage":"it-IT","@id":"https:\/\/de-park.com\/#\/schema\/logo\/image\/","url":"https:\/\/de-park.com\/wp-content\/uploads\/2021\/08\/DE-PARK_Logo_V2020_ohne-Slogan.png","contentUrl":"https:\/\/de-park.com\/wp-content\/uploads\/2021\/08\/DE-PARK_Logo_V2020_ohne-Slogan.png","width":1311,"height":663,"caption":"DE PARK"},"image":{"@id":"https:\/\/de-park.com\/#\/schema\/logo\/image\/"}},{"@type":"Person","@id":"https:\/\/de-park.com\/#\/schema\/person\/280efc4dbc997f5ae367016b31fb113a","name":"DE-Park","image":{"@type":"ImageObject","inLanguage":"it-IT","@id":"https:\/\/de-park.com\/#\/schema\/person\/image\/","url":"https:\/\/secure.gravatar.com\/avatar\/b2f6f34a9b039ee27779757ee6be39ca?s=96&d=mm&r=g","contentUrl":"https:\/\/secure.gravatar.com\/avatar\/b2f6f34a9b039ee27779757ee6be39ca?s=96&d=mm&r=g","caption":"DE-Park"},"url":"https:\/\/de-park.com\/it\/author\/solutionmarketing\/"}]}},"_links":{"self":[{"href":"https:\/\/de-park.com\/it\/wp-json\/wp\/v2\/posts\/15160"}],"collection":[{"href":"https:\/\/de-park.com\/it\/wp-json\/wp\/v2\/posts"}],"about":[{"href":"https:\/\/de-park.com\/it\/wp-json\/wp\/v2\/types\/post"}],"author":[{"embeddable":true,"href":"https:\/\/de-park.com\/it\/wp-json\/wp\/v2\/users\/2"}],"replies":[{"embeddable":true,"href":"https:\/\/de-park.com\/it\/wp-json\/wp\/v2\/comments?post=15160"}],"version-history":[{"count":1,"href":"https:\/\/de-park.com\/it\/wp-json\/wp\/v2\/posts\/15160\/revisions"}],"predecessor-version":[{"id":15163,"href":"https:\/\/de-park.com\/it\/wp-json\/wp\/v2\/posts\/15160\/revisions\/15163"}],"wp:attachment":[{"href":"https:\/\/de-park.com\/it\/wp-json\/wp\/v2\/media?parent=15160"}],"wp:term":[{"taxonomy":"category","embeddable":true,"href":"https:\/\/de-park.com\/it\/wp-json\/wp\/v2\/categories?post=15160"},{"taxonomy":"post_tag","embeddable":true,"href":"https:\/\/de-park.com\/it\/wp-json\/wp\/v2\/tags?post=15160"}],"curies":[{"name":"wp","href":"https:\/\/api.w.org\/{rel}","templated":true}]}}